[{"@context":"https:\/\/schema.org\/","@type":"Article","@id":"https:\/\/www.pados.cz\/chcete-romantiku\/#Article","mainEntityOfPage":"https:\/\/www.pados.cz\/chcete-romantiku\/","headline":"Chcete romantiku?","name":"Chcete romantiku?","description":"M\u00e1te r\u00e1di, kdy\u017e m\u00e1te se sv\u00fdm milovan\u00fdm partnerem co nejv\u00edce v\u011bc\u00ed spole\u010dn\u00fdch? M\u00e1te spole\u010dn\u00e9 tetov\u00e1n\u00ed, jeho\u017e v\u00fdznam zn\u00e1te jen Vy? M\u00e1te r\u00e1di podobn\u011b lad\u011bn\u00e9 oble\u010den\u00ed, kter\u00e9 spole\u010dn\u011b vyb\u00edr\u00e1te? Pro\u010d tedy nem\u00e1te dosud v\u00fdmluvn\u00e1 telefonn\u00ed \u010d\u00edsla? V\u017edy\u0165 vybrat si kombinaci, kter\u00e1 by se V\u00e1m z jak\u00fdchkoliv d\u016fvod\u016f zamlouvala, nen\u00ed dnes nemo\u017en\u00e9 m\u00edt. M\u00e1te ji m\u00edt A [&hellip;]","datePublished":"2025-09-03","dateModified":"2025-09-03","author":{"@type":"Person","@id":"https:\/\/www.pados.cz\/author\/#Person","name":"","url":"https:\/\/www.pados.cz\/author\/","identifier":1,"image":{"@type":"ImageObject","@id":"https:\/\/secure.gravatar.com\/avatar\/0379e0c919e89f337c2f51ff1404922f8441b43281fb91f3719df99f70b9888f?s=96&d=mm&r=g","url":"https:\/\/secure.gravatar.com\/avatar\/0379e0c919e89f337c2f51ff1404922f8441b43281fb91f3719df99f70b9888f?s=96&d=mm&r=g","height":96,"width":96}},"publisher":{"@type":"Organization","name":"pados.cz","logo":{"@type":"ImageObject","@id":"\/logo.png","url":"\/logo.png","width":600,"height":60}},"url":"https:\/\/www.pados.cz\/chcete-romantiku\/","wordCount":169,"articleBody":"M\u00e1te r\u00e1di, kdy\u017e m\u00e1te se sv\u00fdm milovan\u00fdm partnerem co nejv\u00edce v\u011bc\u00ed spole\u010dn\u00fdch? M\u00e1te spole\u010dn\u00e9 tetov\u00e1n\u00ed, jeho\u017e v\u00fdznam zn\u00e1te jen Vy? M\u00e1te r\u00e1di podobn\u011b lad\u011bn\u00e9 oble\u010den\u00ed, kter\u00e9 spole\u010dn\u011b vyb\u00edr\u00e1te? Pro\u010d tedy nem\u00e1te dosud v\u00fdmluvn\u00e1 telefonn\u00ed \u010d\u00edsla? V\u017edy\u0165 vybrat si kombinaci, kter\u00e1 by se V\u00e1m z jak\u00fdchkoliv d\u016fvod\u016f zamlouvala, nen\u00ed dnes nemo\u017en\u00e9 m\u00edt. M\u00e1te ji m\u00edt A pokud jde o telefon, nab\u00edz\u00ed se zde cel\u00e1 \u0159ada mo\u017enost\u00ed. M\u016f\u017eete si t\u0159eba zadat vz\u00e1jemn\u011b sv\u00e1 data narozen\u00ed, m\u016f\u017eete si vybrat n\u011bkter\u00e9 datum, kter\u00e9 m\u00e1 pro V\u00e1s spole\u010dn\u00fd v\u00fdznam a m\u00edrn\u011b jej pozm\u011bnit, t\u0159eba prost\u0159ednictv\u00edm jin\u00e9 p\u0159edvolby. Vyberte si n\u011bkterou z mnoha mo\u017enost\u00ed zlat\u00fdch \u010d\u00edsel, kter\u00e1 si za p\u0159\u00edjemnou cenu m\u016f\u017eete jednodu\u0161e objednat. Sv\u016fj telefon si v\u017edy budete pamatovat.                                                                                                                                                                                                                                                                                                                                                                                                "},{"@context":"https:\/\/schema.org\/","@type":"BreadcrumbList","itemListElement":[{"@type":"ListItem","position":1,"name":"Chcete romantiku?","item":"https:\/\/www.pados.cz\/chcete-romantiku\/#breadcrumbitem"}]}]