[{"@context":"https:\/\/schema.org\/","@type":"Article","@id":"https:\/\/www.pados.cz\/darujte-vasemu-priteli-obal-na-ipad-air-v-ruzove-barve\/#Article","mainEntityOfPage":"https:\/\/www.pados.cz\/darujte-vasemu-priteli-obal-na-ipad-air-v-ruzove-barve\/","headline":"Darujte va\u0161emu p\u0159\u00edteli obal na iPad Air v r\u016f\u017eov\u00e9 barv\u011b","name":"Darujte va\u0161emu p\u0159\u00edteli obal na iPad Air v r\u016f\u017eov\u00e9 barv\u011b","description":"Po\u0159izujete va\u0161emu p\u0159\u00edteli jako d\u00e1rek k narozenin\u00e1m \u010di na V\u00e1noce iPad Air a p\u0159em\u00fd\u0161l\u00edte nad t\u00edm, jak\u00e9 mu k n\u011bmu dokoup\u00edte vhodn\u00e9 pouzdro? Pak m\u00e1me pro v\u00e1s jeden tip, kter\u00fd by mohl docela klapnout \u2013 r\u016f\u017eov\u00fd obal na iPad Air. Pro\u010d zrovna r\u016f\u017eov\u00fd, kdy\u017e je to chlap jako hora? Posun v \u010dase do doby renesance [&hellip;]","datePublished":"2024-07-29","dateModified":"2024-07-29","author":{"@type":"Person","@id":"https:\/\/www.pados.cz\/author\/#Person","name":"","url":"https:\/\/www.pados.cz\/author\/","identifier":1,"image":{"@type":"ImageObject","@id":"https:\/\/secure.gravatar.com\/avatar\/0379e0c919e89f337c2f51ff1404922f8441b43281fb91f3719df99f70b9888f?s=96&d=mm&r=g","url":"https:\/\/secure.gravatar.com\/avatar\/0379e0c919e89f337c2f51ff1404922f8441b43281fb91f3719df99f70b9888f?s=96&d=mm&r=g","height":96,"width":96}},"publisher":{"@type":"Organization","name":"pados.cz","logo":{"@type":"ImageObject","@id":"\/logo.png","url":"\/logo.png","width":600,"height":60}},"image":{"@type":"ImageObject","@id":"https:\/\/www.pados.cz\/wp-content\/uploads\/tablet-1128142_640.jpg","url":"https:\/\/www.pados.cz\/wp-content\/uploads\/tablet-1128142_640.jpg","height":0,"width":0},"url":"https:\/\/www.pados.cz\/darujte-vasemu-priteli-obal-na-ipad-air-v-ruzove-barve\/","about":["Zbo\u017e\u00ed"],"wordCount":437,"articleBody":"          Po\u0159izujete va\u0161emu p\u0159\u00edteli jako d\u00e1rek k narozenin\u00e1m \u010di na V\u00e1noce iPad Air a p\u0159em\u00fd\u0161l\u00edte nad t\u00edm, jak\u00e9 mu k n\u011bmu dokoup\u00edte vhodn\u00e9 pouzdro? Pak m\u00e1me pro v\u00e1s jeden tip, kter\u00fd by mohl docela klapnout \u2013 r\u016f\u017eov\u00fd obal na iPad Air. Pro\u010d zrovna r\u016f\u017eov\u00fd, kdy\u017e je to chlap jako hora?Posun v \u010dase do doby renesance \u2013 renesance bylo obdob\u00ed z historick\u00e9ho hlediska velice zaj\u00edmav\u00e9 a p\u0159edev\u0161\u00edm p\u0159\u00ednosn\u00e9. Rozhl\u00e9dn\u011bte se kolem sebe, kolik p\u0159ekr\u00e1sn\u00fdch pam\u00e1tek n\u00e1m po sob\u011b renesan\u010dn\u00ed myslitel\u00e9, mal\u00ed\u0159i, socha\u0159i \u010di architekti zanechali, vzpome\u0148me kup\u0159\u00edkladu hrad a z\u00e1mek \u010cesk\u00fd Krumlov a historick\u00e9 j\u00e1dro tohoto zaj\u00edmav\u00e9ho jiho\u010desk\u00e9ho m\u011bsta, z\u00e1mek T\u0159ebo\u0148, z\u00e1mek Kratochv\u00edle, m\u011b\u0161\u0165ansk\u00e9 domy ve Slavonic\u00edch s okouzluj\u00edc\u00edmi fas\u00e1dami, anebo letohr\u00e1dek kr\u00e1lovny Anny v Praze.Renesance ov\u0161em tak\u00e9 byla dobou ozdobn\u00fdch ruk\u00e1vc\u016f a l\u00edmc\u016f, vykasan\u00fdch p\u00e1nsk\u00fdch kalhot nad kolena a r\u016f\u017eov\u00fdch ko\u0161il. Mu\u017ei se tehdy dok\u00e1zali l\u00e9pe obl\u00e9kat, ne\u017e dnes a \u017eeny je tak\u00e9 obdivovaly a milovaly na nich jejich bos\u00e9 nohy a hol\u00e1 l\u00fdtka, a z\u00e1rove\u0148 r\u016f\u017eovou barvu ko\u0161il, kter\u00e9 paradoxn\u011b zd\u016fraz\u0148ovaly u sebev\u011bdom\u00fdch jedinc\u016f mu\u017enost a l\u00e1sku k \u017een\u00e1m. Inspirujte se renesanc\u00ed, \u0159ada mu\u017e\u016f to dnes ji\u017e ud\u011blala a raz\u00ed nov\u00fd trend od\u00edv\u00e1n\u00ed v renesan\u010dn\u00edm duchu, kdy obl\u00e9kaj\u00ed r\u016f\u017eov\u00e1 tri\u010dka a pono\u017eky, obouvaj\u00ed r\u016f\u017eov\u00e9 letn\u00ed sand\u00e1ly, nos\u00ed r\u016f\u017eov\u00e9 t\u0159\u00ed\u010dtvrte\u010dn\u00ed kalhoty a n\u011bkte\u0159\u00ed si dokonce zdob\u00ed mu\u017esk\u00fdmi n\u00e1ramky kotn\u00edky, aby byly v\u00edce sexy. R\u016f\u017eov\u00e1 barva k mu\u017e\u016fm pat\u0159\u00ed, a \u017ee v\u00e1m n\u011bkdo tvrd\u00ed, \u017ee mu\u017esk\u00e1 barva je modr\u00e1 a r\u016f\u017eov\u00e1 n\u00e1le\u017e\u00ed jen d\u00edvk\u00e1m, pak se stal ob\u011bt\u00ed klamu, kter\u00fd p\u0159ed mnoha des\u00edtkami let ve spole\u010dnosti za\u010dali \u0161\u00ed\u0159it jist\u00ed pomatenci. Tento m\u00fdtus bohu\u017eel p\u0159etrval dodnes, p\u0159itom modr\u00e1 d\u0159\u00edve sp\u00ed\u0161e p\u0159ipadala \u017een\u00e1m a r\u016f\u017eov\u00e1 mu\u017e\u016fm \u2013 bylo to p\u0159esn\u011b naopak.R\u016f\u017eov\u00fd obal na iPad Air ipouzdro.cz vypad\u00e1 n\u00e1dhern\u011b a pot\u011b\u0161\u00ed ka\u017ed\u00e9ho, kdo m\u00e1 r\u00e1d syt\u00e9 pastelov\u00e9 barvy a prakti\u010dnost v pod\u00e1n\u00ed skl\u00e1dac\u00edho stojanu, s n\u00edm\u017e iPad vynikne na ka\u017ed\u00e9m pracovn\u00edm \u010di sv\u00e1te\u010dn\u00edm stole.                                                                                                                                                                                                                                                                                                                                                                                                  "},{"@context":"https:\/\/schema.org\/","@type":"BreadcrumbList","itemListElement":[{"@type":"ListItem","position":1,"name":"Darujte va\u0161emu p\u0159\u00edteli obal na iPad Air v r\u016f\u017eov\u00e9 barv\u011b","item":"https:\/\/www.pados.cz\/darujte-vasemu-priteli-obal-na-ipad-air-v-ruzove-barve\/#breadcrumbitem"}]}]