[{"@context":"https:\/\/schema.org\/","@type":"Article","@id":"https:\/\/www.pados.cz\/jak-osetrit-veci-na-prevoz\/#Article","mainEntityOfPage":"https:\/\/www.pados.cz\/jak-osetrit-veci-na-prevoz\/","headline":"Jak o\u0161et\u0159it v\u011bci na p\u0159evoz?","name":"Jak o\u0161et\u0159it v\u011bci na p\u0159evoz?","description":"Jak\u00e9 materi\u00e1ly se pou\u017e\u00edvaj\u00ed, kdy\u017e chcete ochr\u00e1nit n\u00e1bytek, spot\u0159ebi\u010de a dal\u0161\u00ed velk\u00e9 v\u011bci p\u0159i st\u011bhov\u00e1n\u00ed. St\u011bhov\u00e1n\u00ed nen\u00ed p\u0159\u00edli\u0161 radostn\u00e1 v\u011bc a z\u00e1le\u017e\u00ed, za jak\u00fdch podm\u00ednek se st\u011bhujete, ale ochr\u00e1n\u011bn\u00ed v\u011bc\u00ed je velmi d\u016fle\u017eit\u00e9. V\u011bt\u0161inou v\u0161echny v\u011bci nejdou rozlo\u017eit na men\u0161\u00ed \u010d\u00e1sti, proto\u017ee by se rozpadli nebo se u\u017e nikdy nedali slo\u017eit dohromady a prost\u011b se [&hellip;]","datePublished":"2024-07-27","dateModified":"2024-07-27","author":{"@type":"Person","@id":"https:\/\/www.pados.cz\/author\/#Person","name":"","url":"https:\/\/www.pados.cz\/author\/","identifier":1,"image":{"@type":"ImageObject","@id":"https:\/\/secure.gravatar.com\/avatar\/0379e0c919e89f337c2f51ff1404922f8441b43281fb91f3719df99f70b9888f?s=96&d=mm&r=g","url":"https:\/\/secure.gravatar.com\/avatar\/0379e0c919e89f337c2f51ff1404922f8441b43281fb91f3719df99f70b9888f?s=96&d=mm&r=g","height":96,"width":96}},"publisher":{"@type":"Organization","name":"pados.cz","logo":{"@type":"ImageObject","@id":"\/logo.png","url":"\/logo.png","width":600,"height":60}},"image":{"@type":"ImageObject","@id":"https:\/\/www.pados.cz\/wp-content\/uploads\/pexels-blue-bird-7217825.jpg","url":"https:\/\/www.pados.cz\/wp-content\/uploads\/pexels-blue-bird-7217825.jpg","height":0,"width":0},"url":"https:\/\/www.pados.cz\/jak-osetrit-veci-na-prevoz\/","about":["Zbo\u017e\u00ed"],"wordCount":430,"articleBody":"   Jak\u00e9 materi\u00e1ly se pou\u017e\u00edvaj\u00ed, kdy\u017e chcete ochr\u00e1nit n\u00e1bytek, spot\u0159ebi\u010de a dal\u0161\u00ed velk\u00e9 v\u011bci p\u0159i st\u011bhov\u00e1n\u00ed. St\u011bhov\u00e1n\u00ed nen\u00ed p\u0159\u00edli\u0161 radostn\u00e1 v\u011bc a z\u00e1le\u017e\u00ed, za jak\u00fdch podm\u00ednek se st\u011bhujete, ale ochr\u00e1n\u011bn\u00ed v\u011bc\u00ed je velmi d\u016fle\u017eit\u00e9. V\u011bt\u0161inou v\u0161echny v\u011bci nejdou rozlo\u017eit na men\u0161\u00ed \u010d\u00e1sti, proto\u017ee by se rozpadli nebo se u\u017e nikdy nedali slo\u017eit dohromady a prost\u011b se mus\u00ed p\u0159ev\u00e1\u017eet v jednom velk\u00e9m kusu. N\u011bkdy, se jedn\u00e1 o n\u00e1bytek, spot\u0159ebi\u010de a dal\u0161\u00ed. N\u00e1bytek, kter\u00fd se ned\u00e1 rozlo\u017eit, v\u011bt\u0161inou je z masivn\u00edho d\u0159eva a je lepen\u00fd. N\u011bkter\u00e9 takov\u00e9 kusy, mohou b\u00fdt staro\u017eitn\u00e9, a kdy\u017e se jim n\u011bco stane, budete hodn\u011b na\u0161tvan\u00ed, proto\u017ee jsou pro v\u00e1s d\u016fle\u017eit\u00e9. Sta\u010d\u00ed jen nepatrn\u00e9 od\u011brky nebo na\u0161t\u00edpnut\u00ed d\u0159eva a u\u017e nebude staro\u017eitnost kompletn\u00ed, nebo v dobr\u00e9m stavu. To nechcete! Stejn\u011b, je to se spot\u0159ebi\u010di, kter\u00e9 se p\u0159ev\u00e1\u017e\u00ed. Kdy\u017e si n\u011bjak\u00fd koup\u00edte v\u011bt\u0161inou je d\u016fkladn\u011b zabalen\u00fd a vystlan\u00fd polystyrenem, ale v\u011bt\u0161ina lid\u00ed si tento materi\u00e1l nenech\u00e1v\u00e1, kdy\u017e mu dojde nov\u00fd spot\u0159ebi\u010d. Co tedy vyu\u017e\u00edt jako obalov\u00fd materi\u00e1l na v\u011bci, aby se nezni\u010dili p\u0159i p\u0159evozu? Materi\u00e1lu, je spousty jen si vybrat ten, kter\u00fd bude pro va\u0161i v\u011bc nejlep\u0161\u00ed. Z\u00e1kladem je obalen\u00ed hran, a to v\u011bt\u0161\u00ed vrstvou. K tomu m\u016f\u017eete pou\u017e\u00edt v\u00edce vrstev kartonu, kter\u00fd bude dob\u0159e chr\u00e1nit rohy. Dobr\u00fd je taky zm\u00edn\u011bn\u00fd polystyren, ale ten v\u011bt\u0161ina lid\u00ed doma nem\u00e1. Na obalen\u00ed jsou pak vhodn\u00e9 p\u011bnov\u00e9 folie, kter\u00e9 maj\u00ed ur\u010ditou tlou\u0161\u0165ku, a m\u016f\u017eete je pou\u017e\u00edt v\u00edcekr\u00e1t do kola. Jsou kvalitn\u00ed, a vhodn\u00e9 na balen\u00ed. Stejn\u011b, tak poslou\u017e\u00ed bublinkov\u00e1 f\u00f3lie. Bublinkov\u00fdch f\u00f3li\u00ed je spousta druh\u016f a n\u011bkter\u00e9 budou vhodn\u011bj\u0161\u00ed, a jin\u00e9 m\u016f\u017eete pou\u017e\u00edt jako v\u00fdpl\u0148ov\u00e9. Kdy\u017e m\u00e1te zaji\u0161t\u011bn\u00fd n\u00e1bytek a spot\u0159ebi\u010de je dobr\u00e9 p\u011bnov\u00e9 a bublinkov\u00e9 folie st\u00e1hnout, nap\u0159\u00edklad stretch foli\u00ed, kterou zpevn\u00edte cel\u00fd z\u00e1klad v\u011bci, takov\u00e9 zabalen\u00ed u\u017e bude dostate\u010dn\u011b kvalitn\u00ed. Na roz\u00edch m\u00e1te kartony, kter\u00e9 jsou jistoty, a zbytek je v p\u011bnov\u00e9 f\u00f3lii obalenou stretch foli\u00ed. Te\u010f u jste dostate\u010dn\u011b zaji\u0161t\u011bni na p\u0159epravu.                                                                                                                                                                                                                                                                                                                                                                                                   "},{"@context":"https:\/\/schema.org\/","@type":"BreadcrumbList","itemListElement":[{"@type":"ListItem","position":1,"name":"Jak o\u0161et\u0159it v\u011bci na p\u0159evoz?","item":"https:\/\/www.pados.cz\/jak-osetrit-veci-na-prevoz\/#breadcrumbitem"}]}]