[{"@context":"https:\/\/schema.org\/","@type":"Article","@id":"https:\/\/www.pados.cz\/sousedka-a-muj-syn\/#Article","mainEntityOfPage":"https:\/\/www.pados.cz\/sousedka-a-muj-syn\/","headline":"Sousedka a m\u016fj syn","name":"Sousedka a m\u016fj syn","description":"S d\u011btmi je opravdu n\u011bkdy pot\u00ed\u017e. Nemysl\u00edm to, ale zle. M\u00e1m t\u00edm na mysli to, \u017ee kdy\u017e rodi\u010de chod\u00ed do zam\u011bstn\u00e1n\u00ed a d\u011bti jim onemocn\u00ed, tak je potom vr\u00e1t\u00ed ze \u0161koly anebo ze \u0161kolky. Tohle je ale nejhor\u0161\u00ed v tom, kdy\u017e je t\u0159eba na jedno\u00a0d\u00edt\u011b jeden\u00a0\u010dlov\u011bk. Kdy\u017e je to t\u0159eba matka samo\u017eivitelka nebo t\u0159eba i [&hellip;]","datePublished":"2024-01-12","dateModified":"2024-01-12","author":{"@type":"Person","@id":"https:\/\/www.pados.cz\/author\/#Person","name":"","url":"https:\/\/www.pados.cz\/author\/","identifier":1,"image":{"@type":"ImageObject","@id":"https:\/\/secure.gravatar.com\/avatar\/0379e0c919e89f337c2f51ff1404922f8441b43281fb91f3719df99f70b9888f?s=96&d=mm&r=g","url":"https:\/\/secure.gravatar.com\/avatar\/0379e0c919e89f337c2f51ff1404922f8441b43281fb91f3719df99f70b9888f?s=96&d=mm&r=g","height":96,"width":96}},"publisher":{"@type":"Organization","name":"pados.cz","logo":{"@type":"ImageObject","@id":"\/logo.png","url":"\/logo.png","width":600,"height":60}},"image":{"@type":"ImageObject","@id":"https:\/\/www.pados.cz\/wp-content\/uploads\/kids-3435967_1280.jpg","url":"https:\/\/www.pados.cz\/wp-content\/uploads\/kids-3435967_1280.jpg","height":0,"width":0},"url":"https:\/\/www.pados.cz\/sousedka-a-muj-syn\/","about":["D\u011bti"],"wordCount":437,"articleBody":"S d\u011btmi je opravdu n\u011bkdy pot\u00ed\u017e. Nemysl\u00edm to, ale zle. M\u00e1m t\u00edm na mysli to, \u017ee kdy\u017e rodi\u010de chod\u00ed do zam\u011bstn\u00e1n\u00ed a d\u011bti jim onemocn\u00ed, tak je potom vr\u00e1t\u00ed ze \u0161koly anebo ze \u0161kolky. Tohle je ale nejhor\u0161\u00ed v tom, kdy\u017e je t\u0159eba na jedno\u00a0d\u00edt\u011b jeden\u00a0\u010dlov\u011bk. Kdy\u017e je to t\u0159eba matka samo\u017eivitelka nebo t\u0159eba i otec samo\u017eivitel. Tady to potom znamen\u00e1, \u017ee ten rodi\u010d mus\u00ed odej\u00edt ze zam\u011bstn\u00e1n\u00ed a postarat se o d\u00edt\u011b. Je logick\u00e9, \u017ee \u017e\u00e1dn\u00e9mu zam\u011bstnavateli by se tohle v\u016fbec nel\u00edbilo. I kdy\u017e samoz\u0159ejm\u011b by to m\u011bl v\u017edycky ka\u017ed\u00fd pochopit. Ne d\u00edt\u011b v\u017edycky onemocn\u00ed schv\u00e1ln\u011b.A tohle zmi\u0148uji kv\u016fli tomu, \u017ee m\u011b se tohle u\u017e b\u011bhem t\u00fddne stalo dvakr\u00e1t. Jednou\u00a0mi syna vr\u00e1tili, \u017ee zlobil a \u017ee byl protivn\u00fd. Potom mi zase syna vr\u00e1tili, \u017ee m\u011bl pr\u016fjem a \u017ee mu bylo \u0161patn\u011b. Ur\u010dit\u011b si dok\u00e1\u017eete p\u0159edstavit, jak se to m\u00e9mu zam\u011bstnavateli v\u016fbec nezamlouvalo. Kdy\u017e jsem dvakr\u00e1t t\u00fddn\u011b musela odej\u00edt dom\u016f d\u0159\u00edv. Samoz\u0159ejm\u011b, \u017ee i mn\u011b samotn\u00e9 to vadilo. T\u011b\u0161ila jsem se, \u017ee a\u017e skon\u010d\u00ed velk\u00e9 letn\u00ed pr\u00e1zdniny, \u017ee syn kone\u010dn\u011b p\u016fjde do \u0161koly a j\u00e1 budu m\u00edt u\u017e klid na zam\u011bstn\u00e1n\u00ed a potom tak\u00e9 na home office. Jenom\u017ee bohu\u017eel tohle ovlivnit v\u016fbec nejde. Nejhor\u0161\u00ed tak\u00e9 je, kdy\u017e v\u00e1m potom t\u0159eba d\u00edt\u011b t\u00fdden z\u016fstane doma. A vy potom nev\u00edte, kam s n\u00edm, abyste mohli chodit do zam\u011bstn\u00e1n\u00ed. Kolikr\u00e1t jsem r\u00e1da, \u017ee vedle bydl\u00ed star\u00e1 sousedka. Ta zn\u00e1m\u00e9ho syna opravdu od mala. Proto jsem r\u00e1da, \u017ee ona sama se mi nab\u00eddla, \u017ee kdybych n\u011bkdy cht\u011bla pohl\u00eddat syna, \u017ee mi ho moc s radost\u00ed pohl\u00edd\u00e1. V\u00edte, ona je sama. Tak\u017ee tady to potom znamen\u00e1, \u017ee lid\u00e9, kdy\u017e nejsou sami, tak t\u0159eba maj\u00ed i jin\u00e9 z\u00e1liby, ale kdy\u017e lid\u00e9 jsou sami, tak jsou r\u00e1di, kdy\u017e t\u0159eba se o n\u011b n\u011bkdo postar\u00e1 anebo maj\u00ed n\u011bjakou jinou z\u00e1bavu. A pr\u00e1v\u011b tohle je p\u0159\u00edpad na\u0161\u00ed sousedky. Na\u0161e sousedka je opravdu hodn\u011b r\u00e1da, \u017ee je pr\u00e1v\u011b si m\u016f\u017ee br\u00e1t i m\u00e9ho syna. Ona\u00a0je za to\u00a0r\u00e1da ona. Ona\u00a0vnou\u010data nem\u00e1. A nav\u00edc jej\u00ed d\u011bti bydl\u00ed opravdu hodn\u011b daleko.\u00a0                                                                                                                                                                                                                                                                                                                                                                                                "},{"@context":"https:\/\/schema.org\/","@type":"BreadcrumbList","itemListElement":[{"@type":"ListItem","position":1,"name":"Sousedka a m\u016fj syn","item":"https:\/\/www.pados.cz\/sousedka-a-muj-syn\/#breadcrumbitem"}]}]