[{"@context":"https:\/\/schema.org\/","@type":"Article","@id":"https:\/\/www.pados.cz\/znecisteni-o-kterem-se-prilis-nemluvi\/#Article","mainEntityOfPage":"https:\/\/www.pados.cz\/znecisteni-o-kterem-se-prilis-nemluvi\/","headline":"Zne\u010di\u0161t\u011bn\u00ed, o kter\u00e9m se p\u0159\u00edli\u0161 nemluv\u00ed","name":"Zne\u010di\u0161t\u011bn\u00ed, o kter\u00e9m se p\u0159\u00edli\u0161 nemluv\u00ed","description":"Slovo &#8222;elektrosmog&#8220; je um\u011bl\u00fd term\u00edn, kter\u00fd byl zaveden v 70. letech 20. stolet\u00ed. Z angli\u010dtiny je v\u00fdznam slova smog p\u0159ibli\u017en\u011b rovnocenn\u00fd slovu &#8222;zne\u010di\u0161t\u011bn\u00ed&#8220;. Mohl by b\u00fdt alternativn\u011b pops\u00e1n jako &#8222;zne\u010di\u0161t\u011bn\u00ed elekt\u0159inou&#8220;. Dnes se za n\u011bj pova\u017euje ka\u017ed\u00e9 elektromagnetick\u00e9 z\u00e1\u0159en\u00ed, kter\u00e9 je um\u011ble \u010dlov\u011bkem vyroben\u00e9, tedy nikoli to, kter\u00e9 je p\u0159\u00edrodn\u00edho charakteru. Na rozd\u00edl od klasick\u00e9ho [&hellip;]","datePublished":"2024-04-07","dateModified":"2024-04-07","author":{"@type":"Person","@id":"https:\/\/www.pados.cz\/author\/#Person","name":"","url":"https:\/\/www.pados.cz\/author\/","identifier":1,"image":{"@type":"ImageObject","@id":"https:\/\/secure.gravatar.com\/avatar\/0379e0c919e89f337c2f51ff1404922f8441b43281fb91f3719df99f70b9888f?s=96&d=mm&r=g","url":"https:\/\/secure.gravatar.com\/avatar\/0379e0c919e89f337c2f51ff1404922f8441b43281fb91f3719df99f70b9888f?s=96&d=mm&r=g","height":96,"width":96}},"publisher":{"@type":"Organization","name":"pados.cz","logo":{"@type":"ImageObject","@id":"\/logo.png","url":"\/logo.png","width":600,"height":60}},"url":"https:\/\/www.pados.cz\/znecisteni-o-kterem-se-prilis-nemluvi\/","wordCount":252,"articleBody":"Slovo &#8222;elektrosmog&#8220; je um\u011bl\u00fd term\u00edn, kter\u00fd byl zaveden v 70. letech 20. stolet\u00ed. Z angli\u010dtiny je v\u00fdznam slova smog p\u0159ibli\u017en\u011b rovnocenn\u00fd slovu &#8222;zne\u010di\u0161t\u011bn\u00ed&#8220;.  Mohl by b\u00fdt alternativn\u011b pops\u00e1n jako &#8222;zne\u010di\u0161t\u011bn\u00ed elekt\u0159inou&#8220;. Dnes se za n\u011bj pova\u017euje ka\u017ed\u00e9 elektromagnetick\u00e9 z\u00e1\u0159en\u00ed, kter\u00e9 je um\u011ble \u010dlov\u011bkem vyroben\u00e9, tedy nikoli to, kter\u00e9 je p\u0159\u00edrodn\u00edho charakteru. Na rozd\u00edl od klasick\u00e9ho smogu, kter\u00fd se d\u00e1 rok co rok snadno vn\u00edmat ve m\u011bstech na\u0161ima o\u010dima a nosem, elektrosmog se p\u0159irozen\u00fdmi lidsk\u00fdmi smysly zjistit ned\u00e1. M\u016f\u017eeme ho m\u011b\u0159it a vyhodnocovat jen pomoc\u00ed speci\u00e1ln\u00edch m\u011b\u0159\u00edc\u00edch za\u0159\u00edzen\u00ed.Zdrav\u00edVelmi problematick\u00e9 se z tohoto hlediska jev\u00ed nap\u0159\u00edklad pou\u017e\u00edv\u00e1n\u00ed mobil\u016f. Na jedn\u00e9 stran\u011b si \u017eivot bez nich neum\u00edme p\u0159edstavit, na stran\u011b druh\u00e9 jsme st\u00e1le \u010dast\u011bji varov\u00e1ni p\u0159ed jeho \u0161kodliv\u00fdmi \u00fa\u010dinky. Obzvl\u00e1\u0161\u0165 mu\u017ei maj\u00ed ve zvyku nosit telefon v kapse, to znamen\u00e1 p\u0159\u00edmo na t\u011ble. \u017deny jsou na tom v tomto ohledu o n\u011bco l\u00e9pe, nebo\u0165 jejich mobiln\u00ed telefony maj\u00ed sv\u00e9 m\u00edsto ponejv\u00edce v kabelk\u00e1ch. I to je v\u0161ak vzd\u00e1lenost, kter\u00e1 m\u016f\u017ee m\u00edt neblah\u00fd vliv na zdrav\u00ed \u010dlov\u011bka. Chcete-li tedy, aby va\u0161e ochrana p\u0159ed elektrosmogem byla co nej\u00fa\u010dinn\u011bj\u0161\u00ed, alespo\u0148 co se stran mobilu t\u00fd\u010de, po\u0159i\u010fte si BioProtect Mobil.                                                                                                                                                                                                                                                                                                                                                                                                "},{"@context":"https:\/\/schema.org\/","@type":"BreadcrumbList","itemListElement":[{"@type":"ListItem","position":1,"name":"Zne\u010di\u0161t\u011bn\u00ed, o kter\u00e9m se p\u0159\u00edli\u0161 nemluv\u00ed","item":"https:\/\/www.pados.cz\/znecisteni-o-kterem-se-prilis-nemluvi\/#breadcrumbitem"}]}]